{"id":28,"count":1,"description":"","link":"https:\/\/www.icerik.in\/blog\/etiket\/geleneksel-icerik-anlayisi-neden-oldu\/","name":"Geleneksel i\u00e7erik anlay\u0131\u015f\u0131 neden \u00f6ld\u00fc?","slug":"geleneksel-icerik-anlayisi-neden-oldu","taxonomy":"post_tag","meta":[],"_links":{"self":[{"href":"https:\/\/www.icerik.in\/blog\/wp-json\/wp\/v2\/tags\/28","targetHints":{"allow":["GET"]}}],"collection":[{"href":"https:\/\/www.icerik.in\/blog\/wp-json\/wp\/v2\/tags"}],"about":[{"href":"https:\/\/www.icerik.in\/blog\/wp-json\/wp\/v2\/taxonomies\/post_tag"}],"wp:post_type":[{"href":"https:\/\/www.icerik.in\/blog\/wp-json\/wp\/v2\/posts?tags=28"}],"curies":[{"name":"wp","href":"https:\/\/api.w.org\/{rel}","templated":true}]}}