{"id":307,"date":"2026-07-30T15:05:14","date_gmt":"2026-07-30T15:05:14","guid":{"rendered":"https:\/\/www.icerik.in\/blog\/?p=307"},"modified":"2026-07-30T15:05:14","modified_gmt":"2026-07-30T15:05:14","slug":"2-mudanya-caz-festivali-iptal-edildi-neden-simdi-ne-olacak","status":"publish","type":"post","link":"https:\/\/www.icerik.in\/blog\/2-mudanya-caz-festivali-iptal-edildi-neden-simdi-ne-olacak\/","title":{"rendered":"2. Mudanya Caz Festivali \u0130ptal Edildi. Neden? \u015eimdi Ne Olacak?"},"content":{"rendered":"<p>Heyecanla beklenen 2. Mudanya Caz Festivali hakk\u0131nda Mudanya Belediye Ba\u015fkan\u0131 Deniz Dalg\u0131\u00e7 imzal\u0131 resmi bir kamuoyu a\u00e7\u0131klamas\u0131 yay\u0131mland\u0131. Tarihi Derek\u00f6y Kilisesi\u2019nin mistik atmosferinde ger\u00e7ekle\u015fmesi planlanan festival, beklenenin \u00fczerindeki<strong> yo\u011fun talep ve mevcut ekonomik ko\u015fullar<\/strong> gerek\u00e7e g\u00f6sterilerek iptal edildi. Ancak caz severler i\u00e7in g\u00fczel bir alternatif plan devreye sokuldu: Festival program\u0131 iptal edilse de <strong>caz co\u015fkusu M\u00fctareke Meydan\u0131\u2019na ta\u015f\u0131n\u0131yor.<\/strong><\/p>\n<h2 data-path-to-node=\"2\">Tarihin ve Denizin Kesi\u015fim Noktas\u0131: Mudanya<\/h2>\n<p data-path-to-node=\"3\">Bursa\u2019n\u0131n Marmara Denizi\u2019ne a\u00e7\u0131lan en zarif kap\u0131s\u0131 olan Mudanya, k\u00f6kl\u00fc ge\u00e7mi\u015fi ve kendine has mimari dokusuyla G\u00fcney Marmara\u2019n\u0131n k\u00fclt\u00fcrel haf\u0131zas\u0131nda m\u00fcmtaz bir yere sahiptir. Antik \u00c7a\u011f\u2019daki ad\u0131yla Apameia veya <strong>Myrleia<\/strong> olarak bilinen il\u00e7e, y\u00fczy\u0131llar boyunca Rum ve T\u00fcrk k\u00fclt\u00fcrlerinin yan yana ye\u015ferdi\u011fi, ticaretin ve denizcili\u011fin kalbinin att\u0131\u011f\u0131<strong> stratejik bir sahil kasabas\u0131<\/strong> olmu\u015ftur. Mudanya denilince akla ilk gelen unsurlardan biri, \u015f\u00fcphesiz ki 1922 y\u0131l\u0131nda Kurtulu\u015f Sava\u015f\u0131\u2019n\u0131 fiilen sona erdiren ve T\u00fcrkiye Cumhuriyeti\u2019nin diplomatik temelini atan Mudanya M\u00fctarekesi\u2019dir. <strong>Tarihi M\u00fctareke Evi M\u00fczesi<\/strong> ve etraf\u0131n\u0131 \u00e7evreleyen M\u00fctareke Meydan\u0131, yaln\u0131zca yerel bir mek\u00e2n de\u011fil, ba\u011f\u0131ms\u0131zl\u0131k m\u00fccadelesinin ve bar\u0131\u015f\u0131n simge alanlar\u0131ndan biridir.<\/p>\n<p data-path-to-node=\"4\">Ayn\u0131 zamanda ah\u015fap konaklar\u0131yla \u00fcnl\u00fc Halitpa\u015fa Mahallesi, tarihi Rum evleri, zeytinlikleri ve sahil kordonu ile Mudanya; kent ya\u015fam\u0131n\u0131n kaosundan ka\u00e7\u0131p deniz kokusu e\u015fli\u011finde nefes almak isteyenlerin s\u0131\u011f\u0131na\u011f\u0131 durumundad\u0131r. Tirilye (Zeytinba\u011f\u0131) gibi tarihi dokusu korunmu\u015f beldeleri ve Rum mimarisinin en g\u00fczel \u00f6rneklerini bar\u0131nd\u0131ran Derek\u00f6y gibi k\u0131rsal yerle\u015fimleri, il\u00e7eyi yaln\u0131zca bir tatil beldesi de\u011fil, canl\u0131 bir a\u00e7\u0131k hava m\u00fczesi haline getirmektedir.<\/p>\n<h2 data-path-to-node=\"5\">Bir Sanat Rotas\u0131 Olarak Mudanya Caz Festivali<\/h2>\n<p data-path-to-node=\"6\">Bursa\u2019n\u0131n bu tarihi ve estetik il\u00e7esi, son y\u0131llarda k\u00fclt\u00fcr-sanat vizyonunu geni\u015fletme gayretiyle dikkat \u00e7ekici ad\u0131mlar atmaktad\u0131r. Bu vizyonun en heyecan verici meyvelerinden biri de ilk edisyonu ge\u00e7ti\u011fimiz y\u0131l <strong>Tirilye Tarihi Zeytinya\u011f\u0131 Fabrikas\u0131\u2019nda<\/strong> hayata ge\u00e7irilen Mudanya Caz Festivali\u2019dir. Kentin tarihi mek\u00e2nlar\u0131n\u0131 m\u00fczi\u011fin evrensel diliyle bulu\u015fturmay\u0131 hedefleyen organizasyon, sanat\u0131 kapal\u0131 salonlar\u0131n s\u0131k\u0131c\u0131l\u0131\u011f\u0131ndan \u00e7\u0131kar\u0131p kentsel haf\u0131zaya d\u00e2hil etmeyi ama\u00e7lamaktad\u0131r.<\/p>\n<p data-path-to-node=\"7\">Bu y\u0131l ikincisi planlanan festival i\u00e7in belirlenen rota ise Derek\u00f6y Mahallesi\u2019nde bulunan tarihi Derek\u00f6y Kilisesi\u2019ydi. 19. y\u00fczy\u0131ldan kalan bu ta\u015f yap\u0131, hem akusti\u011fi hem de tarihsel derinli\u011fi ile caz\u0131n \u00f6zg\u00fcr ve do\u011fa\u00e7lama odakl\u0131 yap\u0131s\u0131na kusursuz bir fon sunuyordu. Nitekim festival kapsam\u0131nda Su \u0130dil, Dilek Sert Erdo\u011fan Quartet ve Cenk Erdo\u011fan Trio gibi T\u00fcrk caz sahnesinin k\u0131ymetli isimlerinin sahne alaca\u011f\u0131 duyurulmu\u015ftu.<\/p>\n<h2 data-path-to-node=\"8\">2. Mudanya Caz Festivali Neden \u0130ptal Edildi?<\/h2>\n<p data-path-to-node=\"9\">Festival ba\u015fvurular\u0131n\u0131n dijital ortamda a\u00e7\u0131lmas\u0131yla birlikte yaln\u0131zca birka\u00e7 dakika i\u00e7inde binlerce talep topland\u0131. Ancak olu\u015fan bu yo\u011fun ilgi, ne yaz\u0131k ki organizasyonel engelleri ve b\u00fct\u00e7e ger\u00e7eklerini beraberinde getirdi. Mudanya Belediyesi taraf\u0131ndan yap\u0131lan a\u00e7\u0131klamada s\u00fcrecin iptal edilmesinde iki temel gerek\u00e7e \u00f6ne \u00e7\u0131kt\u0131. Bunlardan ilki, Derek\u00f6y Kilisesi\u2019nin fiziksel yap\u0131s\u0131 ve s\u0131n\u0131rl\u0131 kontenjan\u0131n\u0131n, olu\u015fan devasa talebi emniyetli, konforlu ve adil bir \u015fekilde kar\u015f\u0131lamaya yetmemesiydi.<\/p>\n<p data-path-to-node=\"10\">\u0130kinci ve en belirleyici etken ise \u00fclkenin i\u00e7inden ge\u00e7ti\u011fi zorlu ekonomik \u015fartlar do\u011frultusunda, kamusal b\u00fct\u00e7enin ve kamu kaynaklar\u0131n\u0131n verimli kullan\u0131lmas\u0131 sorumlulu\u011fuydu. Yerel y\u00f6netim, s\u0131n\u0131rl\u0131 b\u00fct\u00e7eleri kriz d\u00f6nemlerinde do\u011fru y\u00f6netme ilkesi gere\u011fince geni\u015f kapsaml\u0131 festival organizasyonunu zorunlu olarak iptal etme karar\u0131 ald\u0131. T\u00fcm bu s\u00fcre\u00e7te festival vesilesiyle Mudanya K\u00f6y Akademileri\u2019ndeki \u00e7ocuklar i\u00e7in ba\u015flat\u0131lan g\u00f6n\u00fcll\u00fc ba\u011f\u0131\u015f kampanyas\u0131 ise k\u0131sa s\u00fcrede hedefine ula\u015farak k\u0131ymetli bir toplumsal dayan\u0131\u015fma \u00f6rne\u011fi sergiledi.<\/p>\n<figure id=\"attachment_308\" aria-describedby=\"caption-attachment-308\" style=\"width: 347px\" class=\"wp-caption alignnone\"><img loading=\"lazy\" decoding=\"async\" class=\" wp-image-308\" src=\"https:\/\/www.icerik.in\/blog\/wp-content\/uploads\/2026\/07\/mudanyacazfest-223x300.png\" alt=\"2. mudanya caz festivali\" width=\"347\" height=\"467\" srcset=\"https:\/\/www.icerik.in\/blog\/wp-content\/uploads\/2026\/07\/mudanyacazfest-223x300.png 223w, https:\/\/www.icerik.in\/blog\/wp-content\/uploads\/2026\/07\/mudanyacazfest-204x275.png 204w, https:\/\/www.icerik.in\/blog\/wp-content\/uploads\/2026\/07\/mudanyacazfest.png 431w\" sizes=\"auto, (max-width: 347px) 100vw, 347px\" \/><figcaption id=\"caption-attachment-308\" class=\"wp-caption-text\"><a href=\"https:\/\/www.instagram.com\/p\/Dba3IXZMu_c\/\">2. mudanya caz festivali<\/a><\/figcaption><\/figure>\n<h2 data-path-to-node=\"11\">M\u00fctareke Meydan\u0131\u2019nda A\u00e7\u0131k Hava Caz Konseri<\/h2>\n<p data-path-to-node=\"12\">M\u00fczi\u011fin ve sanat\u0131n birle\u015ftirici g\u00fcc\u00fcnden tamamen vazge\u00e7mek istemeyen belediye y\u00f6netimi, s\u00fcreci rafa kald\u0131rmak yerine son derece yap\u0131c\u0131 ve kapsay\u0131c\u0131 bir karara imza att\u0131. Planlanan tarihlerde, Mudanya\u2019n\u0131n kalbinde yer alan M\u00fctareke Meydan\u0131\u2019nda herkesin kat\u0131l\u0131m\u0131na a\u00e7\u0131k, tamamen \u00fccretsiz tek bir caz konseri d\u00fczenlenece\u011fi a\u00e7\u0131kland\u0131.<\/p>\n<p data-path-to-node=\"13\">Tarihi kilisenin mahrem ve k\u0131s\u0131tl\u0131 alan\u0131ndan \u00e7\u0131k\u0131p deniz kenar\u0131na, M\u00fctareke Meydan\u0131\u2019n\u0131n a\u00e7\u0131k havas\u0131na ta\u015f\u0131nan bu konser; sanat\u0131 belirli bir elit kitle yerine kentin tamam\u0131na a\u00e7mas\u0131 bak\u0131m\u0131ndan son derece de\u011ferlidir. Zira <strong>caz m\u00fczi\u011fi, do\u011fas\u0131 gere\u011fi sokaktan, \u00f6zg\u00fcrl\u00fckten ve k\u0131s\u0131tlamalar\u0131 a\u015fmaktan beslenen bir ruha sahiptir.<\/strong><\/p>\n<h2 data-path-to-node=\"14\">\u0130\u00e7erik \u00dcreticileri \u0130\u00e7in Kriz \u0130leti\u015fimi Dersleri<\/h2>\n<p data-path-to-node=\"15\">Biz <b data-path-to-node=\"15\" data-index-in-node=\"4\">icerik.in<\/b> ekibi olarak konunun yaln\u0131zca k\u00fclt\u00fcr-sanat boyutuna de\u011fil, arka plan\u0131ndaki kriz ileti\u015fimi ve \u015feffafl\u0131k vizyonuna da odaklan\u0131yoruz. Bir marka, belediye veya dijital topluluk y\u00f6netiyorsan\u0131z, ald\u0131\u011f\u0131n\u0131z olumsuz bir karar\u0131 kitlenize nas\u0131l aktard\u0131\u011f\u0131n\u0131z do\u011frudan marka itibar\u0131n\u0131z\u0131 belirler. Mudanya Belediyesi&#8217;nin bu s\u00fcre\u00e7te izledi\u011fi yol; bahanelerin arkas\u0131na saklanmadan ger\u00e7ek durumu payla\u015fmak, topluluk dayan\u0131\u015fmas\u0131n\u0131 vurgulamak ve en \u00f6nemlisi <strong>&#8220;\u0130ptal ettik, bitti&#8221; demek yerine M\u00fctareke Meydan\u0131&#8217;ndaki \u00fccretsiz konser gibi yap\u0131c\u0131 bir alternatif sunmak<\/strong> a\u00e7\u0131s\u0131ndan ders niteli\u011finde bir ileti\u015fim \u00f6rne\u011fi sundu.<\/p>\n<h2 data-path-to-node=\"16\">K\u00fclt\u00fcr Sanat Y\u00f6netiminde \u015eeffafl\u0131k ve S\u00fcrd\u00fcr\u00fclebilirlik<\/h2>\n<p data-path-to-node=\"17\">Bir kentte k\u00fclt\u00fcr sanat etkinliklerinin devaml\u0131l\u0131\u011f\u0131 ancak ger\u00e7ek\u00e7i b\u00fct\u00e7eler, \u015feffaf ileti\u015fim ve do\u011fru planlamalarla m\u00fcmk\u00fcn k\u0131l\u0131nabilir. B\u00fct\u00e7e ger\u00e7ekleriyle y\u00fczle\u015filerek al\u0131nan bu tasarruf karar\u0131n\u0131, ilerleyen y\u0131llarda <strong>Mudanya Caz Festivali\u2019nin<\/strong> \u00e7ok daha g\u00fc\u00e7l\u00fc bir altyap\u0131yla geri d\u00f6nmesi ad\u0131na rasyonel bir geri ad\u0131m olarak de\u011ferlendiriyoruz. \u00d6n\u00fcm\u00fczdeki s\u00fcre\u00e7te Mudanya\u2019n\u0131n nitelikli sanat etkinlikleriyle ad\u0131ndan s\u00f6z ettirmeye devam etmesini dilerken, <strong>M\u00fctareke Meydan\u0131\u2019nda<\/strong> deniz r\u00fczg\u00e2r\u0131na kar\u0131\u015facak caz melodilerini yerinde dinlemenizi tavsiye ederiz.<\/p>\n","protected":false},"excerpt":{"rendered":"<p>Heyecanla beklenen 2. Mudanya Caz Festivali hakk\u0131nda Mudanya Belediye Ba\u015fkan\u0131 Deniz Dalg\u0131\u00e7 imzal\u0131 resmi bir kamuoyu a\u00e7\u0131klamas\u0131 yay\u0131mland\u0131. Tarihi Derek\u00f6y Kilisesi\u2019nin mistik atmosferinde ger\u00e7ekle\u015fmesi planlanan&#46;&#46;&#46;<\/p>\n","protected":false},"author":1,"featured_media":308,"comment_status":"open","ping_status":"open","sticky":false,"template":"","format":"standard","meta":{"footnotes":""},"categories":[18],"tags":[32,30,31],"class_list":["post-307","post","type-post","status-publish","format-standard","has-post-thumbnail","category-mudanya","tag-2-mudanya-caz-festivali","tag-2-mudanya-caz-festivali-iptal-edildi","tag-2-mudanya-caz-festivali-neden-iptal-edildi"],"_links":{"self":[{"href":"https:\/\/www.icerik.in\/blog\/wp-json\/wp\/v2\/posts\/307","targetHints":{"allow":["GET"]}}],"collection":[{"href":"https:\/\/www.icerik.in\/blog\/wp-json\/wp\/v2\/posts"}],"about":[{"href":"https:\/\/www.icerik.in\/blog\/wp-json\/wp\/v2\/types\/post"}],"author":[{"embeddable":true,"href":"https:\/\/www.icerik.in\/blog\/wp-json\/wp\/v2\/users\/1"}],"replies":[{"embeddable":true,"href":"https:\/\/www.icerik.in\/blog\/wp-json\/wp\/v2\/comments?post=307"}],"version-history":[{"count":1,"href":"https:\/\/www.icerik.in\/blog\/wp-json\/wp\/v2\/posts\/307\/revisions"}],"predecessor-version":[{"id":309,"href":"https:\/\/www.icerik.in\/blog\/wp-json\/wp\/v2\/posts\/307\/revisions\/309"}],"wp:featuredmedia":[{"embeddable":true,"href":"https:\/\/www.icerik.in\/blog\/wp-json\/wp\/v2\/media\/308"}],"wp:attachment":[{"href":"https:\/\/www.icerik.in\/blog\/wp-json\/wp\/v2\/media?parent=307"}],"wp:term":[{"taxonomy":"category","embeddable":true,"href":"https:\/\/www.icerik.in\/blog\/wp-json\/wp\/v2\/categories?post=307"},{"taxonomy":"post_tag","embeddable":true,"href":"https:\/\/www.icerik.in\/blog\/wp-json\/wp\/v2\/tags?post=307"}],"curies":[{"name":"wp","href":"https:\/\/api.w.org\/{rel}","templated":true}]}}